{"id":1085,"date":"2025-05-15T15:32:12","date_gmt":"2025-05-15T18:32:12","guid":{"rendered":"https:\/\/bconexlatam.com\/?p=1085"},"modified":"2025-05-18T21:02:10","modified_gmt":"2025-05-19T00:02:10","slug":"nueva-ley-de-proteccion-y-tratamiento-de-datos-personales","status":"publish","type":"post","link":"https:\/\/bconexlatam.com\/pt\/nueva-ley-de-proteccion-y-tratamiento-de-datos-personales\/","title":{"rendered":"Nova lei sobre prote\u00e7\u00e3o e processamento de dados pessoais"},"content":{"rendered":"<div data-elementor-type=\"wp-post\" data-elementor-id=\"1085\" class=\"elementor elementor-1085\" data-elementor-post-type=\"post\">\n\t\t\t\t<div class=\"elementor-element elementor-element-db361c6 e-flex e-con-boxed e-con e-parent\" data-id=\"db361c6\" data-element_type=\"container\" data-e-type=\"container\">\n\t\t\t\t\t<div class=\"e-con-inner\">\n\t\t\t\t<div class=\"elementor-element elementor-element-74ea9be elementor-widget elementor-widget-image\" data-id=\"74ea9be\" data-element_type=\"widget\" data-e-type=\"widget\" data-widget_type=\"image.default\">\n\t\t\t\t<div class=\"elementor-widget-container\">\n\t\t\t\t\t\t\t\t\t\t\t\t\t\t\t<img fetchpriority=\"high\" decoding=\"async\" width=\"1024\" height=\"330\" src=\"https:\/\/bconexlatam.com\/wp-content\/uploads\/2024\/11\/BCONEX_Diseno-web_Blog-1024x330.webp\" class=\"attachment-large size-large wp-image-230\" alt=\"\" srcset=\"https:\/\/bconexlatam.com\/wp-content\/uploads\/2024\/11\/BCONEX_Diseno-web_Blog-1024x330.webp 1024w, https:\/\/bconexlatam.com\/wp-content\/uploads\/2024\/11\/BCONEX_Diseno-web_Blog-300x97.webp 300w, https:\/\/bconexlatam.com\/wp-content\/uploads\/2024\/11\/BCONEX_Diseno-web_Blog-768x248.webp 768w, https:\/\/bconexlatam.com\/wp-content\/uploads\/2024\/11\/BCONEX_Diseno-web_Blog.webp 1240w\" sizes=\"(max-width: 1024px) 100vw, 1024px\" \/>\t\t\t\t\t\t\t\t\t\t\t\t\t\t\t<\/div>\n\t\t\t\t<\/div>\n\t\t\t\t<div class=\"elementor-element elementor-element-5a84e3e elementor-widget elementor-widget-text-editor\" data-id=\"5a84e3e\" data-element_type=\"widget\" data-e-type=\"widget\" data-widget_type=\"text-editor.default\">\n\t\t\t\t<div class=\"elementor-widget-container\">\n\t\t\t\t\t\t\t\t\t<p>El 13 de diciembre de 2024, fue publicada la Ley 21.719 que regula la Protecci\u00f3n y el Tratamiento de los Datos Personales y crea la Agencia de Protecci\u00f3n de Datos Personales (en adelante, la \u201cNueva Ley\u201d).<\/p><p>Esta Nueva Ley modifica de manera \u00edntegra la actual Ley N\u00b0 19.628 sobre protecci\u00f3n de la vida privada, modernizando la regulaci\u00f3n nacional de protecci\u00f3n de datos personales y creando una entidad reguladora encargada de velar por su cumplimiento.<\/p><p>Entre las principales innovaciones de la Nueva Ley, se encuentra la creaci\u00f3n de la Agencia de Protecci\u00f3n de Datos (en adelante, la Agencia), organismo que tendr\u00e1 facultades normativas, fiscalizadoras y sancionadoras, pudiendo iniciar procedimientos sancionatorios de oficio o a petici\u00f3n de parte, resolviendo los reclamos que formulen los titulares de datos en contra de los responsables de datos por infracci\u00f3n a esta normativa.<\/p><p>Respecto del procedimiento sancionatorio y la imposici\u00f3n de sanciones por parte de la Agencia, se contempla un sistema de determinaci\u00f3n de la multa que considera beneficio econ\u00f3mico obtenido, capacidad econ\u00f3mica, gravedad de los hechos, grado de culpabilidad, atenuantes y agravantes, entre otras. Las sanciones podr\u00e1n ir desde la amonestaci\u00f3n por escrito y hasta multas de 20.000 U.T.M, dependiendo del car\u00e1cter leve, grave o grav\u00edsimo de la infracci\u00f3n. En casos de reincidencia, la sanci\u00f3n podr\u00e1 incluso triplicarse hasta 60.000 UTM o el equivalente al 2% o hasta 4% de las ventas anuales brutas trat\u00e1ndose de grandes empresas.<\/p><p>La Agencia, adem\u00e1s, podr\u00e1 certificar, registrar y supervisar los modelos de prevenci\u00f3n de infracciones y los programas de cumplimiento y administrar el Registro Nacional de Cumplimiento y Sanciones. De esta forma, la Nueva Ley innova en la regulaci\u00f3n, incorporando expresamente la posibilidad de adoptar programas de cumplimiento normativo de car\u00e1cter voluntario denominados como \u201cModelo de Prevenci\u00f3n de Infracciones\u201d (en adelante, MPI).<\/p><p>Los elementos o requisitos esenciales de estos Modelos incluyen la designaci\u00f3n de un delegado de protecci\u00f3n de datos personales con la definici\u00f3n de medios y facultades para sus tareas; la identificaci\u00f3n del tipo de informaci\u00f3n que la entidad trata, el \u00e1mbito territorial en que opera, la categor\u00eda, clase o tipos de datos o bases de datos que administra; la identificaci\u00f3n de las actividades o procesos de la entidad, sean habituales o espor\u00e1dicos, en cuyo contexto se genere o incremente el riesgo de comisi\u00f3n de las infracciones; el establecimiento de protocolos, reglas y procedimientos espec\u00edficos; mecanismos de reporte interno de cumplimiento normativo, y mecanismos de reporte a la Autoridad de Protecci\u00f3n de Datos; y la existencia de sanciones administrativas internas, as\u00ed como de procedimientos de denuncia o castigo de responsabilidades de las personas que incumplan el sistema de prevenci\u00f3n de infracciones.<\/p><p>La Nueva Ley establece que el cumplimiento diligente de los deberes de supervisi\u00f3n y direcci\u00f3n para la protecci\u00f3n de datos verificado con la certificaci\u00f3n del programa de prevenci\u00f3n de infracciones ante la Agencia, constituir\u00e1 una circunstancia atenuante. En atenci\u00f3n a lo anterior y en consideraci\u00f3n de la abultada carga regulatoria que, entre otras\u00a0cosas, exige la implementaci\u00f3n de medidas de seguridad t\u00e9cnicas y organizativas en asuntos\u00a0de ciberseguridad, la creaci\u00f3n de protocolos para la recepci\u00f3n de solicitudes de ejercicio de\u00a0derechos ARCO y la obligaci\u00f3n a notificar a la Agencia y a los titulares afectados (en caso de datos sensibles o situaciones espec\u00edficas) sobre vulneraciones a la seguridad que\u00a0impliquen riesgos significativos, es que la implementaci\u00f3n oportuna de los Modelo de\u00a0Prevenci\u00f3n de Infracciones, puede ser una herramienta eficaz no s\u00f3lo para prevenir sanciones de relevancia, sino que para afrontar el enorme esfuerzo que las organizaciones deber\u00e1n enfrentar para cumplir con los est\u00e1ndares exigidos en la Ley.<\/p><p>Conclusiones<br \/>Pese a que la Nueva Ley se ha publicado recientemente y que sus modificaciones a la Ley N\u00b019.628 entrar\u00e1n en vigencia el 1 de diciembre de 2026, resulta fundamental que las organizaciones comiencen desde ya a adecuar su estructura operativa y sus procesos\u00a0internos, con objeto de dar cumplimiento a los nuevos est\u00e1ndares de esta ley.<br \/>La Nueva Ley de Protecci\u00f3n de Datos impone una gran carga regulatoria para las empresas.<br \/>Sin embargo, tambi\u00e9n ofrece una oportunidad al adoptar un enfoque preventivo y basado en el riesgo, lo que permitir\u00e1 identificar y mitigar riesgos, implementar las medidas organizativas y t\u00e9cnicas necesarias, y garantizar el cumplimiento efectivo de las obligaciones que impone esta nueva regulaci\u00f3n a trav\u00e9s de la implementaci\u00f3n del Modelo de Prevenci\u00f3n de Infracciones y la designaci\u00f3n de un Delegado de Protecci\u00f3n de Datos, permitiendo evitar sanciones futuras y fortaleciendo la confianza de los titulares en la gesti\u00f3n de sus datos personales.<\/p>\t\t\t\t\t\t\t\t<\/div>\n\t\t\t\t<\/div>\n\t\t\t\t\t<\/div>\n\t\t\t\t<\/div>\n\t\t\t\t<\/div>","protected":false},"excerpt":{"rendered":"<p>El 13 de diciembre de 2024, fue publicada la Ley 21.719 que regula la Protecci\u00f3n y el Tratamiento de los [&hellip;]<\/p>\n","protected":false},"author":3,"featured_media":345,"comment_status":"open","ping_status":"open","sticky":false,"template":"","format":"standard","meta":{"inline_featured_image":false,"site-sidebar-layout":"default","site-content-layout":"","ast-site-content-layout":"default","site-content-style":"default","site-sidebar-style":"default","ast-global-header-display":"","ast-banner-title-visibility":"","ast-main-header-display":"","ast-hfb-above-header-display":"","ast-hfb-below-header-display":"","ast-hfb-mobile-header-display":"","site-post-title":"","ast-breadcrumbs-content":"","ast-featured-img":"","footer-sml-layout":"","ast-disable-related-posts":"","theme-transparent-header-meta":"","adv-header-id-meta":"","stick-header-meta":"","header-above-stick-meta":"","header-main-stick-meta":"","header-below-stick-meta":"","astra-migrate-meta-layouts":"default","ast-page-background-enabled":"default","ast-page-background-meta":{"desktop":{"background-color":"var(--ast-global-color-4)","background-image":"","background-repeat":"repeat","background-position":"center center","background-size":"auto","background-attachment":"scroll","background-type":"","background-media":"","overlay-type":"","overlay-color":"","overlay-opacity":"","overlay-gradient":""},"tablet":{"background-color":"","background-image":"","background-repeat":"repeat","background-position":"center center","background-size":"auto","background-attachment":"scroll","background-type":"","background-media":"","overlay-type":"","overlay-color":"","overlay-opacity":"","overlay-gradient":""},"mobile":{"background-color":"","background-image":"","background-repeat":"repeat","background-position":"center center","background-size":"auto","background-attachment":"scroll","background-type":"","background-media":"","overlay-type":"","overlay-color":"","overlay-opacity":"","overlay-gradient":""}},"ast-content-background-meta":{"desktop":{"background-color":"var(--ast-global-color-5)","background-image":"","background-repeat":"repeat","background-position":"center center","background-size":"auto","background-attachment":"scroll","background-type":"","background-media":"","overlay-type":"","overlay-color":"","overlay-opacity":"","overlay-gradient":""},"tablet":{"background-color":"var(--ast-global-color-5)","background-image":"","background-repeat":"repeat","background-position":"center center","background-size":"auto","background-attachment":"scroll","background-type":"","background-media":"","overlay-type":"","overlay-color":"","overlay-opacity":"","overlay-gradient":""},"mobile":{"background-color":"var(--ast-global-color-5)","background-image":"","background-repeat":"repeat","background-position":"center center","background-size":"auto","background-attachment":"scroll","background-type":"","background-media":"","overlay-type":"","overlay-color":"","overlay-opacity":"","overlay-gradient":""}},"footnotes":""},"categories":[8],"tags":[16],"class_list":["post-1085","post","type-post","status-publish","format-standard","has-post-thumbnail","hentry","category-chile","tag-proteccion-de-datos-personales"],"yoast_head":"<!-- This site is optimized with the Yoast SEO plugin v27.5 - https:\/\/yoast.com\/product\/yoast-seo-wordpress\/ -->\n<title>Nueva ley de Protecci\u00f3n y Tratamiento de Datos Personales - B-Conex Latam<\/title>\n<meta name=\"robots\" content=\"index, follow, max-snippet:-1, max-image-preview:large, max-video-preview:-1\" \/>\n<link rel=\"canonical\" href=\"https:\/\/bconexlatam.com\/pt\/nueva-ley-de-proteccion-y-tratamiento-de-datos-personales\/\" \/>\n<meta property=\"og:locale\" content=\"pt_BR\" \/>\n<meta property=\"og:type\" content=\"article\" \/>\n<meta property=\"og:title\" content=\"Nueva ley de Protecci\u00f3n y Tratamiento de Datos Personales - B-Conex Latam\" \/>\n<meta property=\"og:description\" content=\"El 13 de diciembre de 2024, fue publicada la Ley 21.719 que regula la Protecci\u00f3n y el Tratamiento de los [&hellip;]\" \/>\n<meta property=\"og:url\" content=\"https:\/\/bconexlatam.com\/pt\/nueva-ley-de-proteccion-y-tratamiento-de-datos-personales\/\" \/>\n<meta property=\"og:site_name\" content=\"B-Conex Latam\" \/>\n<meta property=\"article:published_time\" content=\"2025-05-15T18:32:12+00:00\" \/>\n<meta property=\"article:modified_time\" content=\"2025-05-19T00:02:10+00:00\" \/>\n<meta property=\"og:image\" content=\"https:\/\/bconexlatam.com\/wp-content\/uploads\/2024\/11\/BCONEX_Diseno-web_Areas_1.webp\" \/>\n\t<meta property=\"og:image:width\" content=\"1201\" \/>\n\t<meta property=\"og:image:height\" content=\"628\" \/>\n\t<meta property=\"og:image:type\" content=\"image\/webp\" \/>\n<meta name=\"author\" content=\"B-Conex Latam\" \/>\n<meta name=\"twitter:card\" content=\"summary_large_image\" \/>\n<meta name=\"twitter:label1\" content=\"Escrito por\" \/>\n\t<meta name=\"twitter:data1\" content=\"B-Conex Latam\" \/>\n\t<meta name=\"twitter:label2\" content=\"Est. tempo de leitura\" \/>\n\t<meta name=\"twitter:data2\" content=\"4 minutos\" \/>\n<script type=\"application\/ld+json\" class=\"yoast-schema-graph\">{\"@context\":\"https:\\\/\\\/schema.org\",\"@graph\":[{\"@type\":\"Article\",\"@id\":\"https:\\\/\\\/bconexlatam.com\\\/nueva-ley-de-proteccion-y-tratamiento-de-datos-personales\\\/#article\",\"isPartOf\":{\"@id\":\"https:\\\/\\\/bconexlatam.com\\\/nueva-ley-de-proteccion-y-tratamiento-de-datos-personales\\\/\"},\"author\":{\"name\":\"B-Conex Latam\",\"@id\":\"https:\\\/\\\/bconexlatam.com\\\/#\\\/schema\\\/person\\\/644663aafc551ca80804ee5bbc1490f3\"},\"headline\":\"Nueva ley de Protecci\u00f3n y Tratamiento de Datos Personales\",\"datePublished\":\"2025-05-15T18:32:12+00:00\",\"dateModified\":\"2025-05-19T00:02:10+00:00\",\"mainEntityOfPage\":{\"@id\":\"https:\\\/\\\/bconexlatam.com\\\/nueva-ley-de-proteccion-y-tratamiento-de-datos-personales\\\/\"},\"wordCount\":813,\"commentCount\":0,\"publisher\":{\"@id\":\"https:\\\/\\\/bconexlatam.com\\\/#organization\"},\"image\":{\"@id\":\"https:\\\/\\\/bconexlatam.com\\\/nueva-ley-de-proteccion-y-tratamiento-de-datos-personales\\\/#primaryimage\"},\"thumbnailUrl\":\"https:\\\/\\\/bconexlatam.com\\\/wp-content\\\/uploads\\\/2024\\\/11\\\/BCONEX_Diseno-web_Areas_1.webp\",\"keywords\":[\"Protecci\u00f3n de Datos Personales\"],\"articleSection\":[\"Chile\"],\"inLanguage\":\"pt-BR\",\"potentialAction\":[{\"@type\":\"CommentAction\",\"name\":\"Comment\",\"target\":[\"https:\\\/\\\/bconexlatam.com\\\/nueva-ley-de-proteccion-y-tratamiento-de-datos-personales\\\/#respond\"]}]},{\"@type\":\"WebPage\",\"@id\":\"https:\\\/\\\/bconexlatam.com\\\/nueva-ley-de-proteccion-y-tratamiento-de-datos-personales\\\/\",\"url\":\"https:\\\/\\\/bconexlatam.com\\\/nueva-ley-de-proteccion-y-tratamiento-de-datos-personales\\\/\",\"name\":\"Nueva ley de Protecci\u00f3n y Tratamiento de Datos Personales - B-Conex Latam\",\"isPartOf\":{\"@id\":\"https:\\\/\\\/bconexlatam.com\\\/#website\"},\"primaryImageOfPage\":{\"@id\":\"https:\\\/\\\/bconexlatam.com\\\/nueva-ley-de-proteccion-y-tratamiento-de-datos-personales\\\/#primaryimage\"},\"image\":{\"@id\":\"https:\\\/\\\/bconexlatam.com\\\/nueva-ley-de-proteccion-y-tratamiento-de-datos-personales\\\/#primaryimage\"},\"thumbnailUrl\":\"https:\\\/\\\/bconexlatam.com\\\/wp-content\\\/uploads\\\/2024\\\/11\\\/BCONEX_Diseno-web_Areas_1.webp\",\"datePublished\":\"2025-05-15T18:32:12+00:00\",\"dateModified\":\"2025-05-19T00:02:10+00:00\",\"breadcrumb\":{\"@id\":\"https:\\\/\\\/bconexlatam.com\\\/nueva-ley-de-proteccion-y-tratamiento-de-datos-personales\\\/#breadcrumb\"},\"inLanguage\":\"pt-BR\",\"potentialAction\":[{\"@type\":\"ReadAction\",\"target\":[\"https:\\\/\\\/bconexlatam.com\\\/nueva-ley-de-proteccion-y-tratamiento-de-datos-personales\\\/\"]}]},{\"@type\":\"ImageObject\",\"inLanguage\":\"pt-BR\",\"@id\":\"https:\\\/\\\/bconexlatam.com\\\/nueva-ley-de-proteccion-y-tratamiento-de-datos-personales\\\/#primaryimage\",\"url\":\"https:\\\/\\\/bconexlatam.com\\\/wp-content\\\/uploads\\\/2024\\\/11\\\/BCONEX_Diseno-web_Areas_1.webp\",\"contentUrl\":\"https:\\\/\\\/bconexlatam.com\\\/wp-content\\\/uploads\\\/2024\\\/11\\\/BCONEX_Diseno-web_Areas_1.webp\",\"width\":1201,\"height\":628},{\"@type\":\"BreadcrumbList\",\"@id\":\"https:\\\/\\\/bconexlatam.com\\\/nueva-ley-de-proteccion-y-tratamiento-de-datos-personales\\\/#breadcrumb\",\"itemListElement\":[{\"@type\":\"ListItem\",\"position\":1,\"name\":\"Inicio\",\"item\":\"https:\\\/\\\/bconexlatam.com\\\/\"},{\"@type\":\"ListItem\",\"position\":2,\"name\":\"Nueva ley de Protecci\u00f3n y Tratamiento de Datos Personales\"}]},{\"@type\":\"WebSite\",\"@id\":\"https:\\\/\\\/bconexlatam.com\\\/#website\",\"url\":\"https:\\\/\\\/bconexlatam.com\\\/\",\"name\":\"B-Conex Latam\",\"description\":\"Gesti\u00f3n legal integral para Am\u00e9rica Latina\",\"publisher\":{\"@id\":\"https:\\\/\\\/bconexlatam.com\\\/#organization\"},\"potentialAction\":[{\"@type\":\"SearchAction\",\"target\":{\"@type\":\"EntryPoint\",\"urlTemplate\":\"https:\\\/\\\/bconexlatam.com\\\/?s={search_term_string}\"},\"query-input\":{\"@type\":\"PropertyValueSpecification\",\"valueRequired\":true,\"valueName\":\"search_term_string\"}}],\"inLanguage\":\"pt-BR\"},{\"@type\":\"Organization\",\"@id\":\"https:\\\/\\\/bconexlatam.com\\\/#organization\",\"name\":\"B-Conex Latam\",\"url\":\"https:\\\/\\\/bconexlatam.com\\\/\",\"logo\":{\"@type\":\"ImageObject\",\"inLanguage\":\"pt-BR\",\"@id\":\"https:\\\/\\\/bconexlatam.com\\\/#\\\/schema\\\/logo\\\/image\\\/\",\"url\":\"https:\\\/\\\/bconexlatam.com\\\/wp-content\\\/uploads\\\/2025\\\/05\\\/logoBLANCObconex-01-1.svg\",\"contentUrl\":\"https:\\\/\\\/bconexlatam.com\\\/wp-content\\\/uploads\\\/2025\\\/05\\\/logoBLANCObconex-01-1.svg\",\"width\":300,\"height\":102,\"caption\":\"B-Conex Latam\"},\"image\":{\"@id\":\"https:\\\/\\\/bconexlatam.com\\\/#\\\/schema\\\/logo\\\/image\\\/\"},\"sameAs\":[\"https:\\\/\\\/www.linkedin.com\\\/company\\\/b-conex\\\/\"]},{\"@type\":\"Person\",\"@id\":\"https:\\\/\\\/bconexlatam.com\\\/#\\\/schema\\\/person\\\/644663aafc551ca80804ee5bbc1490f3\",\"name\":\"B-Conex Latam\",\"image\":{\"@type\":\"ImageObject\",\"inLanguage\":\"pt-BR\",\"@id\":\"https:\\\/\\\/secure.gravatar.com\\\/avatar\\\/e69e1d54264af07da0c0d8f24c9b8ee243744725f6fb302fbb8dfe1e24737ab6?s=96&d=mm&r=g\",\"url\":\"https:\\\/\\\/secure.gravatar.com\\\/avatar\\\/e69e1d54264af07da0c0d8f24c9b8ee243744725f6fb302fbb8dfe1e24737ab6?s=96&d=mm&r=g\",\"contentUrl\":\"https:\\\/\\\/secure.gravatar.com\\\/avatar\\\/e69e1d54264af07da0c0d8f24c9b8ee243744725f6fb302fbb8dfe1e24737ab6?s=96&d=mm&r=g\",\"caption\":\"B-Conex Latam\"},\"sameAs\":[\"https:\\\/\\\/bconexlatam.com\"],\"url\":\"https:\\\/\\\/bconexlatam.com\\\/pt\\\/author\\\/b-conex-latam\\\/\"}]}<\/script>\n<!-- \/ Yoast SEO plugin. -->","yoast_head_json":{"title":"Nueva ley de Protecci\u00f3n y Tratamiento de Datos Personales - B-Conex Latam","robots":{"index":"index","follow":"follow","max-snippet":"max-snippet:-1","max-image-preview":"max-image-preview:large","max-video-preview":"max-video-preview:-1"},"canonical":"https:\/\/bconexlatam.com\/pt\/nueva-ley-de-proteccion-y-tratamiento-de-datos-personales\/","og_locale":"pt_BR","og_type":"article","og_title":"Nueva ley de Protecci\u00f3n y Tratamiento de Datos Personales - B-Conex Latam","og_description":"El 13 de diciembre de 2024, fue publicada la Ley 21.719 que regula la Protecci\u00f3n y el Tratamiento de los [&hellip;]","og_url":"https:\/\/bconexlatam.com\/pt\/nueva-ley-de-proteccion-y-tratamiento-de-datos-personales\/","og_site_name":"B-Conex Latam","article_published_time":"2025-05-15T18:32:12+00:00","article_modified_time":"2025-05-19T00:02:10+00:00","og_image":[{"width":1201,"height":628,"url":"https:\/\/bconexlatam.com\/wp-content\/uploads\/2024\/11\/BCONEX_Diseno-web_Areas_1.webp","type":"image\/webp"}],"author":"B-Conex Latam","twitter_card":"summary_large_image","twitter_misc":{"Escrito por":"B-Conex Latam","Est. tempo de leitura":"4 minutos"},"schema":{"@context":"https:\/\/schema.org","@graph":[{"@type":"Article","@id":"https:\/\/bconexlatam.com\/nueva-ley-de-proteccion-y-tratamiento-de-datos-personales\/#article","isPartOf":{"@id":"https:\/\/bconexlatam.com\/nueva-ley-de-proteccion-y-tratamiento-de-datos-personales\/"},"author":{"name":"B-Conex Latam","@id":"https:\/\/bconexlatam.com\/#\/schema\/person\/644663aafc551ca80804ee5bbc1490f3"},"headline":"Nueva ley de Protecci\u00f3n y Tratamiento de Datos Personales","datePublished":"2025-05-15T18:32:12+00:00","dateModified":"2025-05-19T00:02:10+00:00","mainEntityOfPage":{"@id":"https:\/\/bconexlatam.com\/nueva-ley-de-proteccion-y-tratamiento-de-datos-personales\/"},"wordCount":813,"commentCount":0,"publisher":{"@id":"https:\/\/bconexlatam.com\/#organization"},"image":{"@id":"https:\/\/bconexlatam.com\/nueva-ley-de-proteccion-y-tratamiento-de-datos-personales\/#primaryimage"},"thumbnailUrl":"https:\/\/bconexlatam.com\/wp-content\/uploads\/2024\/11\/BCONEX_Diseno-web_Areas_1.webp","keywords":["Protecci\u00f3n de Datos Personales"],"articleSection":["Chile"],"inLanguage":"pt-BR","potentialAction":[{"@type":"CommentAction","name":"Comment","target":["https:\/\/bconexlatam.com\/nueva-ley-de-proteccion-y-tratamiento-de-datos-personales\/#respond"]}]},{"@type":"WebPage","@id":"https:\/\/bconexlatam.com\/nueva-ley-de-proteccion-y-tratamiento-de-datos-personales\/","url":"https:\/\/bconexlatam.com\/nueva-ley-de-proteccion-y-tratamiento-de-datos-personales\/","name":"Nueva ley de Protecci\u00f3n y Tratamiento de Datos Personales - B-Conex Latam","isPartOf":{"@id":"https:\/\/bconexlatam.com\/#website"},"primaryImageOfPage":{"@id":"https:\/\/bconexlatam.com\/nueva-ley-de-proteccion-y-tratamiento-de-datos-personales\/#primaryimage"},"image":{"@id":"https:\/\/bconexlatam.com\/nueva-ley-de-proteccion-y-tratamiento-de-datos-personales\/#primaryimage"},"thumbnailUrl":"https:\/\/bconexlatam.com\/wp-content\/uploads\/2024\/11\/BCONEX_Diseno-web_Areas_1.webp","datePublished":"2025-05-15T18:32:12+00:00","dateModified":"2025-05-19T00:02:10+00:00","breadcrumb":{"@id":"https:\/\/bconexlatam.com\/nueva-ley-de-proteccion-y-tratamiento-de-datos-personales\/#breadcrumb"},"inLanguage":"pt-BR","potentialAction":[{"@type":"ReadAction","target":["https:\/\/bconexlatam.com\/nueva-ley-de-proteccion-y-tratamiento-de-datos-personales\/"]}]},{"@type":"ImageObject","inLanguage":"pt-BR","@id":"https:\/\/bconexlatam.com\/nueva-ley-de-proteccion-y-tratamiento-de-datos-personales\/#primaryimage","url":"https:\/\/bconexlatam.com\/wp-content\/uploads\/2024\/11\/BCONEX_Diseno-web_Areas_1.webp","contentUrl":"https:\/\/bconexlatam.com\/wp-content\/uploads\/2024\/11\/BCONEX_Diseno-web_Areas_1.webp","width":1201,"height":628},{"@type":"BreadcrumbList","@id":"https:\/\/bconexlatam.com\/nueva-ley-de-proteccion-y-tratamiento-de-datos-personales\/#breadcrumb","itemListElement":[{"@type":"ListItem","position":1,"name":"Inicio","item":"https:\/\/bconexlatam.com\/"},{"@type":"ListItem","position":2,"name":"Nueva ley de Protecci\u00f3n y Tratamiento de Datos Personales"}]},{"@type":"WebSite","@id":"https:\/\/bconexlatam.com\/#website","url":"https:\/\/bconexlatam.com\/","name":"B-Conex Latam","description":"Gesti\u00f3n legal integral para Am\u00e9rica Latina","publisher":{"@id":"https:\/\/bconexlatam.com\/#organization"},"potentialAction":[{"@type":"SearchAction","target":{"@type":"EntryPoint","urlTemplate":"https:\/\/bconexlatam.com\/?s={search_term_string}"},"query-input":{"@type":"PropertyValueSpecification","valueRequired":true,"valueName":"search_term_string"}}],"inLanguage":"pt-BR"},{"@type":"Organization","@id":"https:\/\/bconexlatam.com\/#organization","name":"B-Conex Latam","url":"https:\/\/bconexlatam.com\/","logo":{"@type":"ImageObject","inLanguage":"pt-BR","@id":"https:\/\/bconexlatam.com\/#\/schema\/logo\/image\/","url":"https:\/\/bconexlatam.com\/wp-content\/uploads\/2025\/05\/logoBLANCObconex-01-1.svg","contentUrl":"https:\/\/bconexlatam.com\/wp-content\/uploads\/2025\/05\/logoBLANCObconex-01-1.svg","width":300,"height":102,"caption":"B-Conex Latam"},"image":{"@id":"https:\/\/bconexlatam.com\/#\/schema\/logo\/image\/"},"sameAs":["https:\/\/www.linkedin.com\/company\/b-conex\/"]},{"@type":"Person","@id":"https:\/\/bconexlatam.com\/#\/schema\/person\/644663aafc551ca80804ee5bbc1490f3","name":"B-Conex Latam","image":{"@type":"ImageObject","inLanguage":"pt-BR","@id":"https:\/\/secure.gravatar.com\/avatar\/e69e1d54264af07da0c0d8f24c9b8ee243744725f6fb302fbb8dfe1e24737ab6?s=96&d=mm&r=g","url":"https:\/\/secure.gravatar.com\/avatar\/e69e1d54264af07da0c0d8f24c9b8ee243744725f6fb302fbb8dfe1e24737ab6?s=96&d=mm&r=g","contentUrl":"https:\/\/secure.gravatar.com\/avatar\/e69e1d54264af07da0c0d8f24c9b8ee243744725f6fb302fbb8dfe1e24737ab6?s=96&d=mm&r=g","caption":"B-Conex Latam"},"sameAs":["https:\/\/bconexlatam.com"],"url":"https:\/\/bconexlatam.com\/pt\/author\/b-conex-latam\/"}]}},"_links":{"self":[{"href":"https:\/\/bconexlatam.com\/pt\/wp-json\/wp\/v2\/posts\/1085","targetHints":{"allow":["GET"]}}],"collection":[{"href":"https:\/\/bconexlatam.com\/pt\/wp-json\/wp\/v2\/posts"}],"about":[{"href":"https:\/\/bconexlatam.com\/pt\/wp-json\/wp\/v2\/types\/post"}],"author":[{"embeddable":true,"href":"https:\/\/bconexlatam.com\/pt\/wp-json\/wp\/v2\/users\/3"}],"replies":[{"embeddable":true,"href":"https:\/\/bconexlatam.com\/pt\/wp-json\/wp\/v2\/comments?post=1085"}],"version-history":[{"count":10,"href":"https:\/\/bconexlatam.com\/pt\/wp-json\/wp\/v2\/posts\/1085\/revisions"}],"predecessor-version":[{"id":1102,"href":"https:\/\/bconexlatam.com\/pt\/wp-json\/wp\/v2\/posts\/1085\/revisions\/1102"}],"wp:featuredmedia":[{"embeddable":true,"href":"https:\/\/bconexlatam.com\/pt\/wp-json\/wp\/v2\/media\/345"}],"wp:attachment":[{"href":"https:\/\/bconexlatam.com\/pt\/wp-json\/wp\/v2\/media?parent=1085"}],"wp:term":[{"taxonomy":"category","embeddable":true,"href":"https:\/\/bconexlatam.com\/pt\/wp-json\/wp\/v2\/categories?post=1085"},{"taxonomy":"post_tag","embeddable":true,"href":"https:\/\/bconexlatam.com\/pt\/wp-json\/wp\/v2\/tags?post=1085"}],"curies":[{"name":"wp","href":"https:\/\/api.w.org\/{rel}","templated":true}]}}